{"id":11475,"date":"2013-07-01T17:51:20","date_gmt":"2013-07-01T17:51:20","guid":{"rendered":"https:\/\/cafecrem.shortcode.es\/2013\/07\/01\/seguint-la-ressembra\/"},"modified":"2013-07-01T17:51:20","modified_gmt":"2013-07-01T17:51:20","slug":"seguint-la-ressembra","status":"publish","type":"post","link":"https:\/\/cafecrem.com\/ca\/seguint-la-ressembra\/","title":{"rendered":"Seguint la ressembra"},"content":{"rendered":"<p style=\"text-align: justify;\">No nom\u00e9s estem realitzant el desherbatge sin\u00f3 que estem continuant amb la ressembra. Hem millorat el ritme de les setmanes anteriors, ja hem aconseguit sembrar 1.500 plantes en un dia, encara que aix\u00f2 va ser el r\u00e8cord, per\u00f2 normalment estem en una mitjana de 1.200 plantes sembrades per dia. <\/p>\n<p style=\"text-align: justify;\">Ja hem acabat de ressembrar la plantada de Rebeca i ens queden dos dies per acabar la ressembra de Las Delicias.<\/p>\n<p style=\"text-align: justify;\">No hi ha cap activitat que se salvi de les inclem\u00e8ncies de la pluja i aquesta setmanes no hem pogut treballar ni dimarts ni divendres, per culpa de la pluja.<\/p>\n<p style=\"text-align: justify;\">Per desenvolupar aquesta activitat, hem realitzat uns petits ajustaments i ens hem organitzat de la manera seg\u00fcent:<\/p>\n<ul style=\"text-align: justify;\">\n<li>Tra\u00e7at. 3 persones <\/li>\n<\/ul>\n<p style=\"text-align: justify;\">No hem variat aquest taller, tenim les mateixes persones de sempre.<\/p>\n<ul style=\"text-align: justify;\">\n<li>Preparaci\u00f3 d\u00b4estaques. 5 persones <\/li>\n<\/ul>\n<p style=\"text-align: justify;\">Aqu\u00ed s\u00ed que hem incrementat la quantitat de persones, per fer aquest taller, ens trob\u00e0vem que de vegades els tra\u00e7adors havien de parar de tra\u00e7ar per manca d&#8217;estaques.<\/p>\n<ul style=\"text-align: justify;\">\n<li>Forat. 13 persones <\/li>\n<\/ul>\n<p style=\"text-align: justify;\">Hem redu\u00eft 2 persones. \u00c9s a dir, ara tenim 10 persones amb becs i nom\u00e9s 3 amb les Coes. <\/p>\n<ul style=\"text-align: justify;\">\n<li>Aplicaci\u00f3 d&#8217;Abonament. 2 persones <\/li>\n<\/ul>\n<p style=\"text-align: justify;\">Segueixen les mateixes persones, no n&#8217;hem variat res.<\/p>\n<ul style=\"text-align: justify;\">\n<li>Carregadors. 4\/7 persones <\/li>\n<\/ul>\n<p style=\"text-align: justify;\">Aquest taller, encara que no ho sembli, \u00e9s de vital import\u00e0ncia, perqu\u00e8 si no som capa\u00e7os de lliurar les plantes als sembradors a temps, generarem un coll d&#8217;ampolla. En alguns moments hem hagut d&#8217;ampliar 3 persones perqu\u00e8 per culpa de la pluja no hem estat capa\u00e7os d&#8217;arribar amb la camioneta fins a Rebeca i ho hem hagut de fer a peu. <\/p>\n<ul style=\"text-align: justify;\">\n<li>Sembradors. 3 persones <\/li>\n<\/ul>\n<p style=\"text-align: justify;\">Segueixen els mateixos i esperem que siguin eficients, perqu\u00e8 en dep\u00e8n que tinguem fruit d&#8217;aqu\u00ed a 3 anys!!!!!<\/p>\n<ul style=\"text-align: justify;\">\n<li>Recollidor de fundes pl\u00e0stiques. 1 persona <\/li>\n<\/ul>\n<p style=\"text-align: justify;\">Segueix una persona, en principi \u00e9s un taller amb poca ci\u00e8ncia, per\u00f2 de vital important per a l&#8217;ecosistema!!!!<\/p>\n<p style=\"text-align: justify;\">Al final, som 34 persones, per realitzar aquesta activitat i hem aconseguit sembrar 1200 plantes per dia, encara que el record el tenim a 1.500 plantes!!!<\/p>\n","protected":false},"excerpt":{"rendered":"<p>No nom\u00e9s estem realitzant el desherbatge sin\u00f3 que estem continuant amb la ressembra. Hem millorat el ritme de les setmanes anteriors, ja hem aconseguit sembrar 1.500 plantes en un dia, encara que aix\u00f2 va ser el r\u00e8cord, per\u00f2 normalment estem en una mitjana de 1.200 plantes sembrades per dia. Ja hem acabat de ressembrar la [&hellip;]<\/p>\n","protected":false},"author":1,"featured_media":10307,"comment_status":"open","ping_status":"open","sticky":false,"template":"","format":"standard","meta":{"inline_featured_image":false,"footnotes":""},"categories":[316],"tags":[317,325,324,326],"class_list":["post-11475","post","type-post","status-publish","format-standard","has-post-thumbnail","hentry","category-noticies","tag-cafe-ca","tag-collita","tag-productor-de-cafe-ca","tag-recolleccio-de-cafe"],"_links":{"self":[{"href":"https:\/\/cafecrem.com\/ca\/wp-json\/wp\/v2\/posts\/11475","targetHints":{"allow":["GET"]}}],"collection":[{"href":"https:\/\/cafecrem.com\/ca\/wp-json\/wp\/v2\/posts"}],"about":[{"href":"https:\/\/cafecrem.com\/ca\/wp-json\/wp\/v2\/types\/post"}],"author":[{"embeddable":true,"href":"https:\/\/cafecrem.com\/ca\/wp-json\/wp\/v2\/users\/1"}],"replies":[{"embeddable":true,"href":"https:\/\/cafecrem.com\/ca\/wp-json\/wp\/v2\/comments?post=11475"}],"version-history":[{"count":0,"href":"https:\/\/cafecrem.com\/ca\/wp-json\/wp\/v2\/posts\/11475\/revisions"}],"wp:featuredmedia":[{"embeddable":true,"href":"https:\/\/cafecrem.com\/ca\/wp-json\/wp\/v2\/media\/10307"}],"wp:attachment":[{"href":"https:\/\/cafecrem.com\/ca\/wp-json\/wp\/v2\/media?parent=11475"}],"wp:term":[{"taxonomy":"category","embeddable":true,"href":"https:\/\/cafecrem.com\/ca\/wp-json\/wp\/v2\/categories?post=11475"},{"taxonomy":"post_tag","embeddable":true,"href":"https:\/\/cafecrem.com\/ca\/wp-json\/wp\/v2\/tags?post=11475"}],"curies":[{"name":"wp","href":"https:\/\/api.w.org\/{rel}","templated":true}]}}