{"id":11472,"date":"2013-07-01T17:59:04","date_gmt":"2013-07-01T17:59:04","guid":{"rendered":"https:\/\/cafecrem.shortcode.es\/2013\/07\/01\/ressembra\/"},"modified":"2025-03-03T09:00:47","modified_gmt":"2025-03-03T09:00:47","slug":"ressembra","status":"publish","type":"post","link":"https:\/\/cafecrem.com\/ca\/ressembra\/","title":{"rendered":"Ressembra"},"content":{"rendered":"<p>Per desenvolupar aquesta activitat, ho hem organitzat de la seg\u00fcent forma:<\/p>\n<ul>\n<li><strong>Tra\u00e7at.<\/strong> <em><em>3 persones<\/em><\/em>Consisteix a buscar els cafetes que han tingut falla despr\u00e9s de la poda i de les plantes mortes durant els anys. Per saber on hem de tornar a sembrar s&#8217;agafa una corda a la qual es fan nusos a la dist\u00e0ncia d&#8217;un metre, es lliga a cada extrem a una al\u00e7ada de 20 cm. Un cop seguim la filera amb la corda, sabrem on hi ha un nus i no hi ha la planta, seguidament marquem amb petites estaques (realitzats amb els troncs de la poda) per marcar els punts on aniran les noves plantes.  <\/li>\n<\/ul>\n<ul>\n<li><strong>Preparaci\u00f3 d\u00b4estaques.<\/strong> <em><em>3 persones<\/em><\/em> Hem agafat els troncs de la resta de la poda per fer les estaques i les hem pintat de color vermell la part superior per poder-les detectar r\u00e0pidament.<\/li>\n<\/ul>\n<ul>\n<li><strong>Forat<\/strong>. <em><em>15 persones<\/em><\/em> Una veus tenim marcat amb estaques on aniran les noves plantes, marquem amb becs (10 persones) els forats amb una profunditat de 40 cm. Tot seguit ve una altra brigada (5 persones) per finalitzar el forat amb una dist\u00e0ncia de 30 cm d&#8217;amplada per 30 cm de llarg. <\/li>\n<\/ul>\n<ul>\n<li><strong>Aplicaci\u00f3 d&#8217;abonament.<\/strong> <em><em>2 persones<\/em><\/em> Amb els forats ja finalitzats se li aplica adob de creixement (Cal agr\u00edcola i Fosfat), aix\u00ed ens assegurem un bon desenvolupament durant tota l&#8217;etapa creixement.<\/li>\n<\/ul>\n<ul>\n<li><strong>Carregadors.<\/strong> <em><em>4 persones<\/em><\/em> \u00c9s el treball m\u00e9s dificult\u00f3s que tenim en aquesta activitat. Aquestes persones han d&#8217;anar amb un sac amb 35 plantes per distribuir-les on hi hagi els sembradors. En alguns casos, l&#8217;acc\u00e9s als sembradors \u00e9s de gran dificultat. En aquest lot que hem comen\u00e7at (Rebeca) hi ha parts que tenen una topografia molt abrupta.   <\/li>\n<\/ul>\n<ul>\n<li><strong>Sembradors<\/strong>. <em><em>3 persones<\/em><\/em> \u00c9s la feina de m\u00e9s responsabilitat d&#8217;aquesta activitat. D&#8217;ells dep\u00e8n l&#8217;\u00e8xit de la sembra, si aconseguim una bona sembra, aconseguirem despr\u00e9s de 3 anys, els primers fruits!!<br \/>\nEl sembrador, incorpora al forat, mat\u00e8ria org\u00e0nica i despr\u00e9s introdueix la planta, emplenant les parts que han quedat lliures entre el forat i la nova planta. <\/li>\n<\/ul>\n<ul>\n<li><strong>Recollidor de fundes pl\u00e0stiques.<\/strong> <em><em>1 persona<\/em><\/em> Els sembradors quan finalitzen la sembra, deixen la funda pl\u00e0stica damunt de l&#8217;estaca, quan vingui el recollidor, per poder veure i realitzar la recollida.<\/li>\n<\/ul>\n<p>Al final utilitzarem 31 persones per realitzar aquesta activitat. El primer dia aconseguim sembrar 840 plantes i el segon dia 970 plantes. Els nostres c\u00e0lculs estan fets per sembrar 1200 plantes per dia. Esperem poder-ho aconseguir durant la setmana que ve.   <\/p>\n","protected":false},"excerpt":{"rendered":"<p>Per desenvolupar aquesta activitat, ho hem organitzat de la seg\u00fcent forma: Tra\u00e7at. 3 personesConsisteix a buscar els cafetes que han tingut falla despr\u00e9s de la poda i de les plantes mortes durant els anys. Per saber on hem de tornar a sembrar s&#8217;agafa una corda a la qual es fan nusos a la dist\u00e0ncia d&#8217;un [&hellip;]<\/p>\n","protected":false},"author":1,"featured_media":10303,"comment_status":"open","ping_status":"open","sticky":false,"template":"","format":"standard","meta":{"inline_featured_image":false,"footnotes":""},"categories":[316],"tags":[325,467,324,326],"class_list":["post-11472","post","type-post","status-publish","format-standard","has-post-thumbnail","hentry","category-noticies","tag-collita","tag-floracio","tag-productor-de-cafe-ca","tag-recolleccio-de-cafe"],"_links":{"self":[{"href":"https:\/\/cafecrem.com\/ca\/wp-json\/wp\/v2\/posts\/11472","targetHints":{"allow":["GET"]}}],"collection":[{"href":"https:\/\/cafecrem.com\/ca\/wp-json\/wp\/v2\/posts"}],"about":[{"href":"https:\/\/cafecrem.com\/ca\/wp-json\/wp\/v2\/types\/post"}],"author":[{"embeddable":true,"href":"https:\/\/cafecrem.com\/ca\/wp-json\/wp\/v2\/users\/1"}],"replies":[{"embeddable":true,"href":"https:\/\/cafecrem.com\/ca\/wp-json\/wp\/v2\/comments?post=11472"}],"version-history":[{"count":1,"href":"https:\/\/cafecrem.com\/ca\/wp-json\/wp\/v2\/posts\/11472\/revisions"}],"predecessor-version":[{"id":11473,"href":"https:\/\/cafecrem.com\/ca\/wp-json\/wp\/v2\/posts\/11472\/revisions\/11473"}],"wp:featuredmedia":[{"embeddable":true,"href":"https:\/\/cafecrem.com\/ca\/wp-json\/wp\/v2\/media\/10303"}],"wp:attachment":[{"href":"https:\/\/cafecrem.com\/ca\/wp-json\/wp\/v2\/media?parent=11472"}],"wp:term":[{"taxonomy":"category","embeddable":true,"href":"https:\/\/cafecrem.com\/ca\/wp-json\/wp\/v2\/categories?post=11472"},{"taxonomy":"post_tag","embeddable":true,"href":"https:\/\/cafecrem.com\/ca\/wp-json\/wp\/v2\/tags?post=11472"}],"curies":[{"name":"wp","href":"https:\/\/api.w.org\/{rel}","templated":true}]}}