{"id":11469,"date":"2014-03-27T16:27:09","date_gmt":"2014-03-27T16:27:09","guid":{"rendered":"https:\/\/cafecrem.shortcode.es\/2014\/03\/27\/dia-de-camp\/"},"modified":"2014-03-27T16:27:09","modified_gmt":"2014-03-27T16:27:09","slug":"dia-de-camp","status":"publish","type":"post","link":"https:\/\/cafecrem.com\/ca\/dia-de-camp\/","title":{"rendered":"Dia de camp"},"content":{"rendered":"<p style=\"text-align: justify;\">Durant la setmana passada es va fer una jornada de Dia de camp, consistent a assistir en una xerrada d&#8217;experts en plagues i explicar les possibilitats per combatre la Roya.<\/p>\n<p style=\"text-align: justify;\">La jornada va ser organitzada per <strong>\u201cLAAD\u201c<\/strong> <em>(Latin American Agribusiness Development Corporation)<\/em>, \u00e9s una companyia privada d&#8217;inversi\u00f3 i desenvolupament, que finan\u00e7a i duu a terme projectes agr\u00edcoles privats a Llatinoam\u00e8rica i el Carib en totes les fases de producci\u00f3, proc\u00e9s, emmagatzematge, servei, tecnologia i m\u00e0rqueting a les \u00e0rees d&#8217;agricultura, ramaderia, repoblament i pesca.<\/p>\n<p style=\"text-align: justify;\">La veritat \u00e9s que va ser molt interessant, perqu\u00e8 el Doctor Edgardo Alpizar (Fito pat\u00f2leg, expert en plagues i malalties) va mostrar algunes solucions per combatre una plaga tan devastadora, que mant\u00e9 les esperances de poder conviure amb la Roya i que el cost no sigui gaire elevat. Tamb\u00e9 va suggerir el canvi varietal, amb varietats m\u00e9s resistents al fong i altament productives. <\/p>\n<p style=\"text-align: justify;\">Tamb\u00e9 va ser a la Jornada, el productor nicarag\u00fcenc Henry Hueck, caficultor i expert en caf\u00e8s de qualitat. Va comentar la seva experi\u00e8ncia, amb la nova problem\u00e0tica i com combatre i conviure amb la Roya. Tamb\u00e9 va realitzar en una part de la finca el canvi varietal, comentant que la qualitat del caf\u00e8 no pateix grans canvis en comparaci\u00f3 amb les varietats de m\u00e9s qualitat, per\u00f2 no resistents a la Roya.  <\/p>\n<p style=\"text-align: justify;\">Despr\u00e9s de la Jornada de camp, em sorgeixen molts dubtes, tal com exposo a continuaci\u00f3:<\/p>\n<p style=\"text-align: justify;\">\u00bf Qu\u00e8 \u00e9s millor canviar la varietat, per una m\u00e9s resistent i de pitjor qualitat o augmentar els costos i mantenir-ne la varietat, altament reconeguda i homologada per les associacions de caf\u00e8s especials?<\/p>\n<p style=\"text-align: justify;\">Si canviem la varietat, qui ens assegura que la malaltia no mutar\u00e0 i finalment es far\u00e0 resistent al fong?<\/p>\n<p style=\"text-align: justify;\">La nova varietat trigar\u00e0 de tres a quatre anys a comen\u00e7ar a treure els primers fruits. Com es podr\u00e0 suportar l&#8217;impacte econ\u00f2mic d&#8217;estar tant de temps sense ingressos? <\/p>\n","protected":false},"excerpt":{"rendered":"<p>Durant la setmana passada es va fer una jornada de Dia de camp, consistent a assistir en una xerrada d&#8217;experts en plagues i explicar les possibilitats per combatre la Roya. La jornada va ser organitzada per \u201cLAAD\u201c (Latin American Agribusiness Development Corporation), \u00e9s una companyia privada d&#8217;inversi\u00f3 i desenvolupament, que finan\u00e7a i duu a terme [&hellip;]<\/p>\n","protected":false},"author":1,"featured_media":10291,"comment_status":"open","ping_status":"open","sticky":false,"template":"","format":"standard","meta":{"inline_featured_image":false,"footnotes":""},"categories":[316],"tags":[317,472,324],"class_list":["post-11469","post","type-post","status-publish","format-standard","has-post-thumbnail","hentry","category-noticies","tag-cafe-ca","tag-distribuidor-de-cafeteria","tag-productor-de-cafe-ca"],"_links":{"self":[{"href":"https:\/\/cafecrem.com\/ca\/wp-json\/wp\/v2\/posts\/11469","targetHints":{"allow":["GET"]}}],"collection":[{"href":"https:\/\/cafecrem.com\/ca\/wp-json\/wp\/v2\/posts"}],"about":[{"href":"https:\/\/cafecrem.com\/ca\/wp-json\/wp\/v2\/types\/post"}],"author":[{"embeddable":true,"href":"https:\/\/cafecrem.com\/ca\/wp-json\/wp\/v2\/users\/1"}],"replies":[{"embeddable":true,"href":"https:\/\/cafecrem.com\/ca\/wp-json\/wp\/v2\/comments?post=11469"}],"version-history":[{"count":0,"href":"https:\/\/cafecrem.com\/ca\/wp-json\/wp\/v2\/posts\/11469\/revisions"}],"wp:featuredmedia":[{"embeddable":true,"href":"https:\/\/cafecrem.com\/ca\/wp-json\/wp\/v2\/media\/10291"}],"wp:attachment":[{"href":"https:\/\/cafecrem.com\/ca\/wp-json\/wp\/v2\/media?parent=11469"}],"wp:term":[{"taxonomy":"category","embeddable":true,"href":"https:\/\/cafecrem.com\/ca\/wp-json\/wp\/v2\/categories?post=11469"},{"taxonomy":"post_tag","embeddable":true,"href":"https:\/\/cafecrem.com\/ca\/wp-json\/wp\/v2\/tags?post=11469"}],"curies":[{"name":"wp","href":"https:\/\/api.w.org\/{rel}","templated":true}]}}