{"id":11467,"date":"2014-03-28T16:05:53","date_gmt":"2014-03-28T16:05:53","guid":{"rendered":"https:\/\/cafecrem.shortcode.es\/2014\/03\/28\/la-poda-sanitaria\/"},"modified":"2014-03-28T16:05:53","modified_gmt":"2014-03-28T16:05:53","slug":"la-poda-sanitaria","status":"publish","type":"post","link":"https:\/\/cafecrem.com\/ca\/la-poda-sanitaria\/","title":{"rendered":"La poda sanit\u00e0ria"},"content":{"rendered":"<p style=\"text-align: justify;\">Un cop finalitzada la collita, ens trobem alguns cafets amb les bandes (branques) sense fulles i amb molt poc creixement per a la propera collita. En veure aquesta situaci\u00f3 i sobretot, per la manca de fulles, hem decidit fer una poda sanit\u00e0ria. <\/p>\n<p style=\"text-align: justify;\">Aquest tipus de poda consisteix a tallar la bandola aproximadament a quinze cent\u00edmetres del tronc, aix\u00ed aconseguim estimular el cafet i provoquem que es ramifiqui amb dues b\u00e0ndoles noves! Amb aquesta t\u00e8cnica aconseguim que on hi havia una b\u00e0ndola, se&#8217;n generin dues i en conseq\u00fc\u00e8ncia aconseguim m\u00e9s teixit productiu per a les properes collites. <\/p>\n<p style=\"text-align: justify;\">On hem realitzat la poda sanit\u00e0ria haurem d&#8217;esperar una collita sense producci\u00f3, per\u00f2 la seg\u00fcent ser\u00e0 molt millor!!<\/p>\n","protected":false},"excerpt":{"rendered":"<p>Un cop finalitzada la collita, ens trobem alguns cafets amb les bandes (branques) sense fulles i amb molt poc creixement per a la propera collita. En veure aquesta situaci\u00f3 i sobretot, per la manca de fulles, hem decidit fer una poda sanit\u00e0ria. Aquest tipus de poda consisteix a tallar la bandola aproximadament a quinze cent\u00edmetres [&hellip;]<\/p>\n","protected":false},"author":1,"featured_media":10289,"comment_status":"open","ping_status":"open","sticky":false,"template":"","format":"standard","meta":{"inline_featured_image":false,"footnotes":""},"categories":[316],"tags":[317,472,479,324],"class_list":["post-11467","post","type-post","status-publish","format-standard","has-post-thumbnail","hentry","category-noticies","tag-cafe-ca","tag-distribuidor-de-cafeteria","tag-poda-sanitaria-ca","tag-productor-de-cafe-ca"],"_links":{"self":[{"href":"https:\/\/cafecrem.com\/ca\/wp-json\/wp\/v2\/posts\/11467","targetHints":{"allow":["GET"]}}],"collection":[{"href":"https:\/\/cafecrem.com\/ca\/wp-json\/wp\/v2\/posts"}],"about":[{"href":"https:\/\/cafecrem.com\/ca\/wp-json\/wp\/v2\/types\/post"}],"author":[{"embeddable":true,"href":"https:\/\/cafecrem.com\/ca\/wp-json\/wp\/v2\/users\/1"}],"replies":[{"embeddable":true,"href":"https:\/\/cafecrem.com\/ca\/wp-json\/wp\/v2\/comments?post=11467"}],"version-history":[{"count":0,"href":"https:\/\/cafecrem.com\/ca\/wp-json\/wp\/v2\/posts\/11467\/revisions"}],"wp:featuredmedia":[{"embeddable":true,"href":"https:\/\/cafecrem.com\/ca\/wp-json\/wp\/v2\/media\/10289"}],"wp:attachment":[{"href":"https:\/\/cafecrem.com\/ca\/wp-json\/wp\/v2\/media?parent=11467"}],"wp:term":[{"taxonomy":"category","embeddable":true,"href":"https:\/\/cafecrem.com\/ca\/wp-json\/wp\/v2\/categories?post=11467"},{"taxonomy":"post_tag","embeddable":true,"href":"https:\/\/cafecrem.com\/ca\/wp-json\/wp\/v2\/tags?post=11467"}],"curies":[{"name":"wp","href":"https:\/\/api.w.org\/{rel}","templated":true}]}}