{"id":11465,"date":"2014-03-28T16:23:36","date_gmt":"2014-03-28T16:23:36","guid":{"rendered":"https:\/\/cafecrem.shortcode.es\/2014\/03\/28\/la-floracio-del-tipica\/"},"modified":"2014-03-28T16:23:36","modified_gmt":"2014-03-28T16:23:36","slug":"la-floracio-del-tipica","status":"publish","type":"post","link":"https:\/\/cafecrem.com\/ca\/la-floracio-del-tipica\/","title":{"rendered":"La floraci\u00f3 del T\u00edpica"},"content":{"rendered":"<p style=\"text-align: justify;\">El T\u00edpica \u00e9s una varietat de l&#8217;esp\u00e8cie bot\u00e0nica Ar\u00e0biga que \u00e9s a punt de desapar\u00e8ixer. \u00c9s un cafeto de poca producci\u00f3, molt delicat i susceptible a moltes malalties! \u00c9s poc productiu, per\u00f2 t\u00e9 una tassa exquisida.  <\/p>\n<p style=\"text-align: justify;\">L&#8217;altre dia visitant un dels lots que entraran en producci\u00f3 a partir del novembre, em vaig trobar amb un cafeto de T\u00edpica que tenia molt bon aspecte i tenia molta flor!!! I la seva estructura estava intacta i no havia estat afectat per cap plaga ni cap malaltia. La veritat, un aut\u00e8ntic espectacle! Veure la seva figura ben estilitzada amb les seves b\u00e0ndoles ben formades i amb una mida espectacular era un plaer. Amb una morfologia ben definida, amb les b\u00e0ndoles molt espaiades entre elles i els nusos dilatats entre ells. En fi un veritable espectacle!!!    <\/p>\n","protected":false},"excerpt":{"rendered":"<p>El T\u00edpica \u00e9s una varietat de l&#8217;esp\u00e8cie bot\u00e0nica Ar\u00e0biga que \u00e9s a punt de desapar\u00e8ixer. \u00c9s un cafeto de poca producci\u00f3, molt delicat i susceptible a moltes malalties! \u00c9s poc productiu, per\u00f2 t\u00e9 una tassa exquisida. L&#8217;altre dia visitant un dels lots que entraran en producci\u00f3 a partir del novembre, em vaig trobar amb un [&hellip;]<\/p>\n","protected":false},"author":1,"featured_media":10287,"comment_status":"open","ping_status":"open","sticky":false,"template":"","format":"standard","meta":{"inline_featured_image":false,"footnotes":""},"categories":[316],"tags":[328,477,324],"class_list":["post-11465","post","type-post","status-publish","format-standard","has-post-thumbnail","hentry","category-noticies","tag-cafe-crem-ca","tag-floracio-cafe","tag-productor-de-cafe-ca"],"_links":{"self":[{"href":"https:\/\/cafecrem.com\/ca\/wp-json\/wp\/v2\/posts\/11465","targetHints":{"allow":["GET"]}}],"collection":[{"href":"https:\/\/cafecrem.com\/ca\/wp-json\/wp\/v2\/posts"}],"about":[{"href":"https:\/\/cafecrem.com\/ca\/wp-json\/wp\/v2\/types\/post"}],"author":[{"embeddable":true,"href":"https:\/\/cafecrem.com\/ca\/wp-json\/wp\/v2\/users\/1"}],"replies":[{"embeddable":true,"href":"https:\/\/cafecrem.com\/ca\/wp-json\/wp\/v2\/comments?post=11465"}],"version-history":[{"count":0,"href":"https:\/\/cafecrem.com\/ca\/wp-json\/wp\/v2\/posts\/11465\/revisions"}],"wp:featuredmedia":[{"embeddable":true,"href":"https:\/\/cafecrem.com\/ca\/wp-json\/wp\/v2\/media\/10287"}],"wp:attachment":[{"href":"https:\/\/cafecrem.com\/ca\/wp-json\/wp\/v2\/media?parent=11465"}],"wp:term":[{"taxonomy":"category","embeddable":true,"href":"https:\/\/cafecrem.com\/ca\/wp-json\/wp\/v2\/categories?post=11465"},{"taxonomy":"post_tag","embeddable":true,"href":"https:\/\/cafecrem.com\/ca\/wp-json\/wp\/v2\/tags?post=11465"}],"curies":[{"name":"wp","href":"https:\/\/api.w.org\/{rel}","templated":true}]}}