{"id":11456,"date":"2015-06-14T17:56:21","date_gmt":"2015-06-14T17:56:21","guid":{"rendered":"https:\/\/cafecrem.shortcode.es\/2015\/06\/14\/tallers-de-cafe-de-cafe-crem\/"},"modified":"2015-06-14T17:56:21","modified_gmt":"2015-06-14T17:56:21","slug":"tallers-de-cafe-de-cafe-crem","status":"publish","type":"post","link":"https:\/\/cafecrem.com\/ca\/tallers-de-cafe-de-cafe-crem\/","title":{"rendered":"Tallers de caf\u00e8 de Caf\u00e8 Crem"},"content":{"rendered":"<p style=\"text-align: justify;\">Caf\u00e8 Crem vol compartir amb els seus establiments client les t\u00e8cniques per garantir que el client final gaudeix de la millor tassa de caf\u00e8. Per aix\u00f2 s&#8217;ha llan\u00e7at la iniciativa dels Tallers de Caf\u00e8 Crem. El Jutge Barista de Caf\u00e8 Crem hi imparteix una sessi\u00f3 pr\u00e0ctica als empleats de l&#8217;establiment, instruint sobre les bases per garantir un excel\u00b7lent caf\u00e8: dosificaci\u00f3, manteniment, neteja, presentaci\u00f3\u2026 Tot \u00e9s important.  <\/p>\n<p style=\"text-align: justify;\">A m\u00e9s, s&#8217;ofereix als clients una degustaci\u00f3 de caf\u00e8s i\/o combinats amb base de caf\u00e8 a preus especials.<\/p>\n<p style=\"text-align: justify;\">Tot plegat crea una atmosfera din\u00e0mica al voltant del caf\u00e8, a m\u00e9s d&#8217;incrementar el tr\u00e0nsit de clients a l&#8217;establiment gr\u00e0cies a la convocat\u00f2ria per xarxes socials i als cartells i flyers que la marca proporciona al local.<\/p>\n<p style=\"text-align: justify;\">Ets client i t&#8217;interessa organitzar un taller al teu establiment?<\/p>\n<p style=\"text-align: justify;\">Contacta amb nosaltres aqu\u00ed.<\/p>\n","protected":false},"excerpt":{"rendered":"<p>Caf\u00e8 Crem vol compartir amb els seus establiments client les t\u00e8cniques per garantir que el client final gaudeix de la millor tassa de caf\u00e8. Per aix\u00f2 s&#8217;ha llan\u00e7at la iniciativa dels Tallers de Caf\u00e8 Crem. El Jutge Barista de Caf\u00e8 Crem hi imparteix una sessi\u00f3 pr\u00e0ctica als empleats de l&#8217;establiment, instruint sobre les bases per [&hellip;]<\/p>\n","protected":false},"author":1,"featured_media":10277,"comment_status":"open","ping_status":"open","sticky":false,"template":"","format":"standard","meta":{"inline_featured_image":false,"footnotes":""},"categories":[316],"tags":[462,324,455,456],"class_list":["post-11456","post","type-post","status-publish","format-standard","has-post-thumbnail","hentry","category-noticies","tag-hostaleria","tag-productor-de-cafe-ca","tag-tallers-cafe","tag-venda-de-cafe"],"_links":{"self":[{"href":"https:\/\/cafecrem.com\/ca\/wp-json\/wp\/v2\/posts\/11456","targetHints":{"allow":["GET"]}}],"collection":[{"href":"https:\/\/cafecrem.com\/ca\/wp-json\/wp\/v2\/posts"}],"about":[{"href":"https:\/\/cafecrem.com\/ca\/wp-json\/wp\/v2\/types\/post"}],"author":[{"embeddable":true,"href":"https:\/\/cafecrem.com\/ca\/wp-json\/wp\/v2\/users\/1"}],"replies":[{"embeddable":true,"href":"https:\/\/cafecrem.com\/ca\/wp-json\/wp\/v2\/comments?post=11456"}],"version-history":[{"count":0,"href":"https:\/\/cafecrem.com\/ca\/wp-json\/wp\/v2\/posts\/11456\/revisions"}],"wp:featuredmedia":[{"embeddable":true,"href":"https:\/\/cafecrem.com\/ca\/wp-json\/wp\/v2\/media\/10277"}],"wp:attachment":[{"href":"https:\/\/cafecrem.com\/ca\/wp-json\/wp\/v2\/media?parent=11456"}],"wp:term":[{"taxonomy":"category","embeddable":true,"href":"https:\/\/cafecrem.com\/ca\/wp-json\/wp\/v2\/categories?post=11456"},{"taxonomy":"post_tag","embeddable":true,"href":"https:\/\/cafecrem.com\/ca\/wp-json\/wp\/v2\/tags?post=11456"}],"curies":[{"name":"wp","href":"https:\/\/api.w.org\/{rel}","templated":true}]}}