{"id":11429,"date":"2016-06-27T12:32:11","date_gmt":"2016-06-27T12:32:11","guid":{"rendered":"https:\/\/cafecrem.shortcode.es\/2016\/06\/27\/melut-a-la-premsa\/"},"modified":"2016-06-27T12:32:11","modified_gmt":"2016-06-27T12:32:11","slug":"melut-a-la-premsa","status":"publish","type":"post","link":"https:\/\/cafecrem.com\/ca\/melut-a-la-premsa\/","title":{"rendered":"Melut a la premsa"},"content":{"rendered":"<p>El nou llan\u00e7ament Ideal Coffee M\u00e9todo Mieludo ja t\u00e9 pres\u00e8ncia als mitjans escrits a trav\u00e9s d&#8217;una campanya als diaris Sport i El Peri\u00f3dico de Catalunya.<\/p>\n","protected":false},"excerpt":{"rendered":"<p>El nou llan\u00e7ament Ideal Coffee M\u00e9todo Mieludo ja t\u00e9 pres\u00e8ncia als mitjans escrits a trav\u00e9s d&#8217;una campanya als diaris Sport i El Peri\u00f3dico de Catalunya.<\/p>\n","protected":false},"author":1,"featured_media":10271,"comment_status":"open","ping_status":"open","sticky":false,"template":"","format":"standard","meta":{"inline_featured_image":false,"footnotes":""},"categories":[316],"tags":[355,353],"class_list":["post-11429","post","type-post","status-publish","format-standard","has-post-thumbnail","hentry","category-noticies","tag-cafe-despecialitat","tag-mieludo-ca"],"_links":{"self":[{"href":"https:\/\/cafecrem.com\/ca\/wp-json\/wp\/v2\/posts\/11429","targetHints":{"allow":["GET"]}}],"collection":[{"href":"https:\/\/cafecrem.com\/ca\/wp-json\/wp\/v2\/posts"}],"about":[{"href":"https:\/\/cafecrem.com\/ca\/wp-json\/wp\/v2\/types\/post"}],"author":[{"embeddable":true,"href":"https:\/\/cafecrem.com\/ca\/wp-json\/wp\/v2\/users\/1"}],"replies":[{"embeddable":true,"href":"https:\/\/cafecrem.com\/ca\/wp-json\/wp\/v2\/comments?post=11429"}],"version-history":[{"count":0,"href":"https:\/\/cafecrem.com\/ca\/wp-json\/wp\/v2\/posts\/11429\/revisions"}],"wp:featuredmedia":[{"embeddable":true,"href":"https:\/\/cafecrem.com\/ca\/wp-json\/wp\/v2\/media\/10271"}],"wp:attachment":[{"href":"https:\/\/cafecrem.com\/ca\/wp-json\/wp\/v2\/media?parent=11429"}],"wp:term":[{"taxonomy":"category","embeddable":true,"href":"https:\/\/cafecrem.com\/ca\/wp-json\/wp\/v2\/categories?post=11429"},{"taxonomy":"post_tag","embeddable":true,"href":"https:\/\/cafecrem.com\/ca\/wp-json\/wp\/v2\/tags?post=11429"}],"curies":[{"name":"wp","href":"https:\/\/api.w.org\/{rel}","templated":true}]}}