{"id":11425,"date":"2016-10-07T18:35:43","date_gmt":"2016-10-07T18:35:43","guid":{"rendered":"https:\/\/cafecrem.shortcode.es\/2016\/10\/07\/el-pas-de-lhuraca-matthew-per-la-republica-dominicana\/"},"modified":"2016-10-07T18:35:43","modified_gmt":"2016-10-07T18:35:43","slug":"el-pas-de-lhuraca-matthew-per-la-republica-dominicana","status":"publish","type":"post","link":"https:\/\/cafecrem.com\/ca\/el-pas-de-lhuraca-matthew-per-la-republica-dominicana\/","title":{"rendered":"El pas de l&#8217;hurac\u00e0 Matthew per la Rep\u00fablica Dominicana"},"content":{"rendered":"<p>L&#8217;hurac\u00e0 Matthew \u00e9s al centre de la not\u00edcia pels seus devastadors efectes, ja que est\u00e0 considerat el m\u00e9s poder\u00f3s de l&#8217;Atl\u00e0ntic de l&#8217;\u00faltima d\u00e8cada.<\/p>\n<p>La tempesta es va originar a les Illes Barbados, i es va transformar en hurac\u00e0 al seu pas per Cura\u00e7ao. R\u00e0pidament va passar a Categoria 2 i quan es va desviar cap al nord va anar augmentant de pot\u00e8ncia fins arribar al seu m\u00e0xim nivell, Categoria 5, amb uns vents de 265 quil\u00f2metres per hora. <\/p>\n<p>L&#8217;enorme tempesta, que ara es dirigeix \u200b\u200bcap a Florida (EUA) va impactar a Hait\u00ed, la Rep\u00fablica Dominicana i Cuba, amb nombrosos danys materials i inundacions.<\/p>\n<p>En aquests moments s&#8217;estan valorant les dades, per\u00f2 el que s\u00ed que \u00e9s clar \u00e9s que ha causat grans inundacions a Hait\u00ed i al sud-oest de Rep\u00fablica Dominicana.<\/p>\n<p>Al municipi de Polo i concretament a les nostres finques, els danys han estat m\u00ednims, amb alguns arbres de port alt (Guamas i Amapolas) caiguts o amb branques trencades. Tamb\u00e9 hem observat for\u00e7a mates de Pl\u00e0tan caigudes (\u00e9s for\u00e7a habitual, ja que l&#8217;arrel \u00e9s superficial i poc profunda). Pel que fa al caf\u00e8, els danys han estat m\u00ednims, per no dir nuls, perqu\u00e8 el caf\u00e8 t\u00e9 l&#8217;avantatge que t\u00e9 una arrel profunda i el pes de la massa \u00e9s relativament baix, per la qual cosa \u00e9s molt dif\u00edcil que caigui. El que s\u00ed que ha causat \u00e9s la caiguda d&#8217;alguns fruits madurs del caf\u00e8, que aquests dies procedirem a recollir-los. El m\u00e9s destacat \u00e9s la destrossa de les carreteres secund\u00e0ries i camins ve\u00efnals, que estan totalment inaccessibles.    <\/p>\n<p>A la factoria i viver, zona for\u00e7a propensa a les inundacions, no vam tenir problemes, ja que vam fer uns treballs de canalitzaci\u00f3 de les aig\u00fces pluvials, podent observar el bon funcionament d&#8217;aquests desguassos.<\/p>\n","protected":false},"excerpt":{"rendered":"<p>L&#8217;hurac\u00e0 Matthew \u00e9s al centre de la not\u00edcia pels seus devastadors efectes, ja que est\u00e0 considerat el m\u00e9s poder\u00f3s de l&#8217;Atl\u00e0ntic de l&#8217;\u00faltima d\u00e8cada. La tempesta es va originar a les Illes Barbados, i es va transformar en hurac\u00e0 al seu pas per Cura\u00e7ao. R\u00e0pidament va passar a Categoria 2 i quan es va desviar [&hellip;]<\/p>\n","protected":false},"author":1,"featured_media":10267,"comment_status":"open","ping_status":"open","sticky":false,"template":"","format":"standard","meta":{"inline_featured_image":false,"footnotes":""},"categories":[316],"tags":[320,447,361],"class_list":["post-11425","post","type-post","status-publish","format-standard","has-post-thumbnail","hentry","category-noticies","tag-finques","tag-huraca","tag-republica-dominicana-ca"],"_links":{"self":[{"href":"https:\/\/cafecrem.com\/ca\/wp-json\/wp\/v2\/posts\/11425","targetHints":{"allow":["GET"]}}],"collection":[{"href":"https:\/\/cafecrem.com\/ca\/wp-json\/wp\/v2\/posts"}],"about":[{"href":"https:\/\/cafecrem.com\/ca\/wp-json\/wp\/v2\/types\/post"}],"author":[{"embeddable":true,"href":"https:\/\/cafecrem.com\/ca\/wp-json\/wp\/v2\/users\/1"}],"replies":[{"embeddable":true,"href":"https:\/\/cafecrem.com\/ca\/wp-json\/wp\/v2\/comments?post=11425"}],"version-history":[{"count":0,"href":"https:\/\/cafecrem.com\/ca\/wp-json\/wp\/v2\/posts\/11425\/revisions"}],"wp:featuredmedia":[{"embeddable":true,"href":"https:\/\/cafecrem.com\/ca\/wp-json\/wp\/v2\/media\/10267"}],"wp:attachment":[{"href":"https:\/\/cafecrem.com\/ca\/wp-json\/wp\/v2\/media?parent=11425"}],"wp:term":[{"taxonomy":"category","embeddable":true,"href":"https:\/\/cafecrem.com\/ca\/wp-json\/wp\/v2\/categories?post=11425"},{"taxonomy":"post_tag","embeddable":true,"href":"https:\/\/cafecrem.com\/ca\/wp-json\/wp\/v2\/tags?post=11425"}],"curies":[{"name":"wp","href":"https:\/\/api.w.org\/{rel}","templated":true}]}}