{"id":11415,"date":"2017-02-06T20:59:56","date_gmt":"2017-02-06T20:59:56","guid":{"rendered":"https:\/\/cafecrem.shortcode.es\/2017\/02\/06\/el-cafe-dabans-i-ara-nova-campanya-de-premsa-per-a-melut\/"},"modified":"2025-03-02T12:06:36","modified_gmt":"2025-03-02T12:06:36","slug":"el-cafe-dabans-i-ara-nova-campanya-de-premsa-per-a-melut","status":"publish","type":"post","link":"https:\/\/cafecrem.com\/ca\/el-cafe-dabans-i-ara-nova-campanya-de-premsa-per-a-melut\/","title":{"rendered":"El caf\u00e8 d&#8217;abans i ara. Nova campanya de premsa per a Mieludo"},"content":{"rendered":"<p>L&#8217;any 2017 comen\u00e7a amb for\u00e7a per a Mieludo. Una nova campanya a premsa (El Peri\u00f3dico, Sport i La Vanguardia) ens recorda les difer\u00e8ncies entre el &#8220;caf\u00e8 d&#8217;abans&#8221; (fosc, negre, fort) i el &#8220;nou caf\u00e8&#8221; (m\u00e9s dol\u00e7, crem\u00f3s i agradable al paladar). <\/p>\n<p>&nbsp;<\/p>\n","protected":false},"excerpt":{"rendered":"<p>L&#8217;any 2017 comen\u00e7a amb for\u00e7a per a Mieludo. Una nova campanya a premsa (El Peri\u00f3dico, Sport i La Vanguardia) ens recorda les difer\u00e8ncies entre el &#8220;caf\u00e8 d&#8217;abans&#8221; (fosc, negre, fort) i el &#8220;nou caf\u00e8&#8221; (m\u00e9s dol\u00e7, crem\u00f3s i agradable al paladar). &nbsp;<\/p>\n","protected":false},"author":1,"featured_media":10261,"comment_status":"open","ping_status":"open","sticky":false,"template":"","format":"standard","meta":{"inline_featured_image":false,"footnotes":""},"categories":[316],"tags":[371,435,436,437,438],"class_list":["post-11415","post","type-post","status-publish","format-standard","has-post-thumbnail","hentry","category-noticies","tag-cafe-melut","tag-el-periodico-ca","tag-la-vanguardia-ca","tag-premsa","tag-sport-ca"],"_links":{"self":[{"href":"https:\/\/cafecrem.com\/ca\/wp-json\/wp\/v2\/posts\/11415","targetHints":{"allow":["GET"]}}],"collection":[{"href":"https:\/\/cafecrem.com\/ca\/wp-json\/wp\/v2\/posts"}],"about":[{"href":"https:\/\/cafecrem.com\/ca\/wp-json\/wp\/v2\/types\/post"}],"author":[{"embeddable":true,"href":"https:\/\/cafecrem.com\/ca\/wp-json\/wp\/v2\/users\/1"}],"replies":[{"embeddable":true,"href":"https:\/\/cafecrem.com\/ca\/wp-json\/wp\/v2\/comments?post=11415"}],"version-history":[{"count":1,"href":"https:\/\/cafecrem.com\/ca\/wp-json\/wp\/v2\/posts\/11415\/revisions"}],"predecessor-version":[{"id":11437,"href":"https:\/\/cafecrem.com\/ca\/wp-json\/wp\/v2\/posts\/11415\/revisions\/11437"}],"wp:featuredmedia":[{"embeddable":true,"href":"https:\/\/cafecrem.com\/ca\/wp-json\/wp\/v2\/media\/10261"}],"wp:attachment":[{"href":"https:\/\/cafecrem.com\/ca\/wp-json\/wp\/v2\/media?parent=11415"}],"wp:term":[{"taxonomy":"category","embeddable":true,"href":"https:\/\/cafecrem.com\/ca\/wp-json\/wp\/v2\/categories?post=11415"},{"taxonomy":"post_tag","embeddable":true,"href":"https:\/\/cafecrem.com\/ca\/wp-json\/wp\/v2\/tags?post=11415"}],"curies":[{"name":"wp","href":"https:\/\/api.w.org\/{rel}","templated":true}]}}