{"id":11411,"date":"2017-04-12T15:47:43","date_gmt":"2017-04-12T15:47:43","guid":{"rendered":"https:\/\/cafecrem.shortcode.es\/2017\/04\/12\/cafe-crem-llanca-el-pack-12\/"},"modified":"2017-04-12T15:47:43","modified_gmt":"2017-04-12T15:47:43","slug":"cafe-crem-llanca-el-pack-12","status":"publish","type":"post","link":"https:\/\/cafecrem.com\/ca\/cafe-crem-llanca-el-pack-12\/","title":{"rendered":"Caf\u00e8 Crem llan\u00e7a el &#8220;Pack 12&#8221;"},"content":{"rendered":"<p>Pensant en grans consumidors i en grups de persones que fan la compra de caf\u00e8 i infusions de manera conjunta, Caf\u00e9 Crem llan\u00e7a el &#8220;Pack 12&#8221;. Senzillament, escull les 12 unitats que vulguis de Caf\u00e8 a C\u00e0psules compatibles i Infusions Ideal Infusions (Ecol\u00f2giques o Essencial), afegeix-les a la cistella i quan hagis de pagar introdueix el codi promocional Pack12 (sense espai). Autom\u00e0ticament se t&#8217;activar\u00e0 l&#8217;opci\u00f3 de &#8220;Enviament gratu\u00eft Familiacrem&#8221;, selecciona-la i ja est\u00e0! T&#8217;enviem les 12 unitats a la direcci\u00f3 que ens hagis indicat sense cap cost per part teva.   <\/p>\n<p><a href=\"http:\/\/cafecrem.com\/tienda-online\/\">Anar a botiga on line i compondre el meu Pack12<\/a><\/p>\n","protected":false},"excerpt":{"rendered":"<p>Pensant en grans consumidors i en grups de persones que fan la compra de caf\u00e8 i infusions de manera conjunta, Caf\u00e9 Crem llan\u00e7a el &#8220;Pack 12&#8221;. Senzillament, escull les 12 unitats que vulguis de Caf\u00e8 a C\u00e0psules compatibles i Infusions Ideal Infusions (Ecol\u00f2giques o Essencial), afegeix-les a la cistella i quan hagis de pagar introdueix [&hellip;]<\/p>\n","protected":false},"author":1,"featured_media":10257,"comment_status":"open","ping_status":"open","sticky":false,"template":"","format":"standard","meta":{"inline_featured_image":false,"footnotes":""},"categories":[316],"tags":[427,428,429,430],"class_list":["post-11411","post","type-post","status-publish","format-standard","has-post-thumbnail","hentry","category-noticies","tag-capsules","tag-infusions","tag-oficina-ca","tag-pack-ca"],"_links":{"self":[{"href":"https:\/\/cafecrem.com\/ca\/wp-json\/wp\/v2\/posts\/11411","targetHints":{"allow":["GET"]}}],"collection":[{"href":"https:\/\/cafecrem.com\/ca\/wp-json\/wp\/v2\/posts"}],"about":[{"href":"https:\/\/cafecrem.com\/ca\/wp-json\/wp\/v2\/types\/post"}],"author":[{"embeddable":true,"href":"https:\/\/cafecrem.com\/ca\/wp-json\/wp\/v2\/users\/1"}],"replies":[{"embeddable":true,"href":"https:\/\/cafecrem.com\/ca\/wp-json\/wp\/v2\/comments?post=11411"}],"version-history":[{"count":0,"href":"https:\/\/cafecrem.com\/ca\/wp-json\/wp\/v2\/posts\/11411\/revisions"}],"wp:featuredmedia":[{"embeddable":true,"href":"https:\/\/cafecrem.com\/ca\/wp-json\/wp\/v2\/media\/10257"}],"wp:attachment":[{"href":"https:\/\/cafecrem.com\/ca\/wp-json\/wp\/v2\/media?parent=11411"}],"wp:term":[{"taxonomy":"category","embeddable":true,"href":"https:\/\/cafecrem.com\/ca\/wp-json\/wp\/v2\/categories?post=11411"},{"taxonomy":"post_tag","embeddable":true,"href":"https:\/\/cafecrem.com\/ca\/wp-json\/wp\/v2\/tags?post=11411"}],"curies":[{"name":"wp","href":"https:\/\/api.w.org\/{rel}","templated":true}]}}