{"id":11409,"date":"2017-04-21T19:18:35","date_gmt":"2017-04-21T19:18:35","guid":{"rendered":"https:\/\/cafecrem.shortcode.es\/2017\/04\/21\/nova-gamma-de-granissats-granicrem\/"},"modified":"2017-04-21T19:18:35","modified_gmt":"2017-04-21T19:18:35","slug":"nova-gamma-de-granissats-granicrem","status":"publish","type":"post","link":"https:\/\/cafecrem.com\/ca\/nova-gamma-de-granissats-granicrem\/","title":{"rendered":"Nova gamma de granissats GraniCrem"},"content":{"rendered":"<p>Caf\u00e8 Crem llan\u00e7a al mercat la seva nova gamma de concentrats per granissat per a hostaleria Grani Crem. Una carta d&#8217;11 varietats de sabors entre els quals es troben els cl\u00e0ssics (llimona, caf\u00e8) i tamb\u00e9 sabors sorprenents (maracui\u00e0, gerds blaus). Tamb\u00e9 hi ha disponible la carta corresponent per a la clientela de l&#8217;establiment.  <\/p>\n<p><strong><a href=\"http:\/\/cafecrem.com\/distribuidores-cafe-crem\/\">Contacta amb el teu distribu\u00efdor Caf\u00e8 Crem m\u00e9s proper per sol\u00b7licitar informaci\u00f3 sobre els granissats Grani Crem.<\/a><\/strong><\/p>\n","protected":false},"excerpt":{"rendered":"<p>Caf\u00e8 Crem llan\u00e7a al mercat la seva nova gamma de concentrats per granissat per a hostaleria Grani Crem. Una carta d&#8217;11 varietats de sabors entre els quals es troben els cl\u00e0ssics (llimona, caf\u00e8) i tamb\u00e9 sabors sorprenents (maracui\u00e0, gerds blaus). Tamb\u00e9 hi ha disponible la carta corresponent per a la clientela de l&#8217;establiment. Contacta amb [&hellip;]<\/p>\n","protected":false},"author":1,"featured_media":10255,"comment_status":"open","ping_status":"open","sticky":false,"template":"","format":"standard","meta":{"inline_featured_image":false,"footnotes":""},"categories":[316],"tags":[423,421,422],"class_list":["post-11409","post","type-post","status-publish","format-standard","has-post-thumbnail","hentry","category-noticies","tag-estiu","tag-granicrem-ca","tag-granizados-ca"],"_links":{"self":[{"href":"https:\/\/cafecrem.com\/ca\/wp-json\/wp\/v2\/posts\/11409","targetHints":{"allow":["GET"]}}],"collection":[{"href":"https:\/\/cafecrem.com\/ca\/wp-json\/wp\/v2\/posts"}],"about":[{"href":"https:\/\/cafecrem.com\/ca\/wp-json\/wp\/v2\/types\/post"}],"author":[{"embeddable":true,"href":"https:\/\/cafecrem.com\/ca\/wp-json\/wp\/v2\/users\/1"}],"replies":[{"embeddable":true,"href":"https:\/\/cafecrem.com\/ca\/wp-json\/wp\/v2\/comments?post=11409"}],"version-history":[{"count":0,"href":"https:\/\/cafecrem.com\/ca\/wp-json\/wp\/v2\/posts\/11409\/revisions"}],"wp:featuredmedia":[{"embeddable":true,"href":"https:\/\/cafecrem.com\/ca\/wp-json\/wp\/v2\/media\/10255"}],"wp:attachment":[{"href":"https:\/\/cafecrem.com\/ca\/wp-json\/wp\/v2\/media?parent=11409"}],"wp:term":[{"taxonomy":"category","embeddable":true,"href":"https:\/\/cafecrem.com\/ca\/wp-json\/wp\/v2\/categories?post=11409"},{"taxonomy":"post_tag","embeddable":true,"href":"https:\/\/cafecrem.com\/ca\/wp-json\/wp\/v2\/tags?post=11409"}],"curies":[{"name":"wp","href":"https:\/\/api.w.org\/{rel}","templated":true}]}}