{"id":11395,"date":"2017-11-29T11:56:58","date_gmt":"2017-11-29T11:56:58","guid":{"rendered":"https:\/\/cafecrem.shortcode.es\/2017\/11\/29\/cafe-crem-inaugura-un-fons-de-salut-i-educacio-per-als-treballadors-de-les-seves-finques\/"},"modified":"2017-11-29T11:56:58","modified_gmt":"2017-11-29T11:56:58","slug":"cafe-crem-inaugura-un-fons-de-salut-i-educacio-per-als-treballadors-de-les-seves-finques","status":"publish","type":"post","link":"https:\/\/cafecrem.com\/ca\/cafe-crem-inaugura-un-fons-de-salut-i-educacio-per-als-treballadors-de-les-seves-finques\/","title":{"rendered":"Caf\u00e9 Crem inaugura un Fons de Salut i Educaci\u00f3 per als treballadors de les seves finques"},"content":{"rendered":"<p>Ser gestors de finques cafeteres en propietat exigeix \u200b\u200bun nivell alt de comprom\u00eds social amb els treballadors. I Caf\u00e8 Crem ho compleix. A m\u00e9s a m\u00e9s de tenir els treballadors de les finques en unes condicions d&#8217;habitatge i contracte molt per sobre de la mitjana, recentment s&#8217;ha constitu\u00eft un fons econ\u00f2mic per assegurar l&#8217;assist\u00e8ncia m\u00e8dica i educativa. Acc\u00e9s a la sanitat i material escolar de qualitat s\u00f3n els objectius fonamentals.   <\/p>\n<p>En un acte recent amb representants de l&#8217;Alcaldia de la localitat de Pol i del Consell Dominic\u00e0 del Caf\u00e8, directius de CBGrup, INCAT Caribet i Maxistars van donar per inaugurat el Fons.<\/p>\n<p><a href=\"http:\/\/www.polomagnetico.com\/2017\/11\/incatcaribe-dejan-inaugurado-fondo-de.html?m=1\">Veure not\u00edcia completa.<\/a><\/p>\n","protected":false},"excerpt":{"rendered":"<p>Ser gestors de finques cafeteres en propietat exigeix \u200b\u200bun nivell alt de comprom\u00eds social amb els treballadors. I Caf\u00e8 Crem ho compleix. A m\u00e9s a m\u00e9s de tenir els treballadors de les finques en unes condicions d&#8217;habitatge i contracte molt per sobre de la mitjana, recentment s&#8217;ha constitu\u00eft un fons econ\u00f2mic per assegurar l&#8217;assist\u00e8ncia m\u00e8dica [&hellip;]<\/p>\n","protected":false},"author":1,"featured_media":10241,"comment_status":"open","ping_status":"open","sticky":false,"template":"","format":"standard","meta":{"inline_featured_image":false,"footnotes":""},"categories":[316],"tags":[387],"class_list":["post-11395","post","type-post","status-publish","format-standard","has-post-thumbnail","hentry","category-noticies","tag-compromis-social"],"_links":{"self":[{"href":"https:\/\/cafecrem.com\/ca\/wp-json\/wp\/v2\/posts\/11395","targetHints":{"allow":["GET"]}}],"collection":[{"href":"https:\/\/cafecrem.com\/ca\/wp-json\/wp\/v2\/posts"}],"about":[{"href":"https:\/\/cafecrem.com\/ca\/wp-json\/wp\/v2\/types\/post"}],"author":[{"embeddable":true,"href":"https:\/\/cafecrem.com\/ca\/wp-json\/wp\/v2\/users\/1"}],"replies":[{"embeddable":true,"href":"https:\/\/cafecrem.com\/ca\/wp-json\/wp\/v2\/comments?post=11395"}],"version-history":[{"count":0,"href":"https:\/\/cafecrem.com\/ca\/wp-json\/wp\/v2\/posts\/11395\/revisions"}],"wp:featuredmedia":[{"embeddable":true,"href":"https:\/\/cafecrem.com\/ca\/wp-json\/wp\/v2\/media\/10241"}],"wp:attachment":[{"href":"https:\/\/cafecrem.com\/ca\/wp-json\/wp\/v2\/media?parent=11395"}],"wp:term":[{"taxonomy":"category","embeddable":true,"href":"https:\/\/cafecrem.com\/ca\/wp-json\/wp\/v2\/categories?post=11395"},{"taxonomy":"post_tag","embeddable":true,"href":"https:\/\/cafecrem.com\/ca\/wp-json\/wp\/v2\/tags?post=11395"}],"curies":[{"name":"wp","href":"https:\/\/api.w.org\/{rel}","templated":true}]}}