{"id":11250,"date":"2014-03-26T16:31:10","date_gmt":"2014-03-26T16:31:10","guid":{"rendered":"https:\/\/cafecrem.shortcode.es\/2014\/03\/26\/desfilament\/"},"modified":"2025-03-03T08:51:07","modified_gmt":"2025-03-03T08:51:07","slug":"desfilament","status":"publish","type":"post","link":"https:\/\/cafecrem.com\/ca\/desfilament\/","title":{"rendered":"desfilament"},"content":{"rendered":"<p style=\"text-align: justify;\">Tot i que no \u00e9s el moment adequat, estem realitzant el desfilament de les cafetes podades, durant el mes de mar\u00e7 de l&#8217;any passat. Normalment, el desfilament es realitza al cap de sis mesos d&#8217;haver realitzat la poda, per\u00f2 la gran quantitat d&#8217;activitats ens ha endarrerit aquest taller. <\/p>\n<p style=\"text-align: justify;\">Un cop realitzada la poda de Recepa (tall del tronc principal a l&#8217;al\u00e7ada del genoll), el tronc principal s&#8217;estimula de manera que comen\u00e7a a generar brots nous i en unes tres setmanes ja comencem a veure els rovells dels nous \u201cfills\u201d. Durant els propers mesos comen\u00e7arem a veure el creixement de les noves branques. Tal com coment\u00e0vem, al cap de sis mesos hem de fer una selecci\u00f3 de les millors branques i deixar com a m\u00e0xim dues branques i que estiguin el m\u00e9s confrontades entre si, perqu\u00e8 el creixement d&#8217;aquestes branques sigui el m\u00e9s sim\u00e8tric possible.  <\/p>\n","protected":false},"excerpt":{"rendered":"<p>Tot i que no \u00e9s el moment adequat, estem realitzant el desfilament de les cafetes podades, durant el mes de mar\u00e7 de l&#8217;any passat. Normalment, el desfilament es realitza al cap de sis mesos d&#8217;haver realitzat la poda, per\u00f2 la gran quantitat d&#8217;activitats ens ha endarrerit aquest taller. Un cop realitzada la poda de Recepa [&hellip;]<\/p>\n","protected":false},"author":1,"featured_media":10293,"comment_status":"open","ping_status":"open","sticky":false,"template":"","format":"standard","meta":{"inline_featured_image":false,"footnotes":""},"categories":[316],"tags":[328,324,326],"class_list":["post-11250","post","type-post","status-publish","format-standard","has-post-thumbnail","hentry","category-noticies","tag-cafe-crem-ca","tag-productor-de-cafe-ca","tag-recolleccio-de-cafe"],"_links":{"self":[{"href":"https:\/\/cafecrem.com\/ca\/wp-json\/wp\/v2\/posts\/11250","targetHints":{"allow":["GET"]}}],"collection":[{"href":"https:\/\/cafecrem.com\/ca\/wp-json\/wp\/v2\/posts"}],"about":[{"href":"https:\/\/cafecrem.com\/ca\/wp-json\/wp\/v2\/types\/post"}],"author":[{"embeddable":true,"href":"https:\/\/cafecrem.com\/ca\/wp-json\/wp\/v2\/users\/1"}],"replies":[{"embeddable":true,"href":"https:\/\/cafecrem.com\/ca\/wp-json\/wp\/v2\/comments?post=11250"}],"version-history":[{"count":1,"href":"https:\/\/cafecrem.com\/ca\/wp-json\/wp\/v2\/posts\/11250\/revisions"}],"predecessor-version":[{"id":11471,"href":"https:\/\/cafecrem.com\/ca\/wp-json\/wp\/v2\/posts\/11250\/revisions\/11471"}],"wp:featuredmedia":[{"embeddable":true,"href":"https:\/\/cafecrem.com\/ca\/wp-json\/wp\/v2\/media\/10293"}],"wp:attachment":[{"href":"https:\/\/cafecrem.com\/ca\/wp-json\/wp\/v2\/media?parent=11250"}],"wp:term":[{"taxonomy":"category","embeddable":true,"href":"https:\/\/cafecrem.com\/ca\/wp-json\/wp\/v2\/categories?post=11250"},{"taxonomy":"post_tag","embeddable":true,"href":"https:\/\/cafecrem.com\/ca\/wp-json\/wp\/v2\/tags?post=11250"}],"curies":[{"name":"wp","href":"https:\/\/api.w.org\/{rel}","templated":true}]}}