{"id":11242,"date":"2013-07-31T18:06:32","date_gmt":"2013-07-31T18:06:32","guid":{"rendered":"https:\/\/cafecrem.shortcode.es\/2013\/07\/31\/poda-de-recepta\/"},"modified":"2013-07-31T18:06:32","modified_gmt":"2013-07-31T18:06:32","slug":"poda-de-recepta","status":"publish","type":"post","link":"https:\/\/cafecrem.com\/ca\/poda-de-recepta\/","title":{"rendered":"Poda de recepta"},"content":{"rendered":"<div class=\"post-content\">\n<div>\n<div>\n<p style=\"text-align: justify;\">Aquest tipus de poda el realitzem amb motoserres, perqu\u00e8 aix\u00ed aconseguim m\u00e9s precisi\u00f3 en el tall del tronc i m\u00e9s rapidesa. Les motoserres treballen dur durant 8 hores al dia i el que fem despr\u00e9s de la jornada de treball \u00e9s fer un manteniment preventiu per evitar avaries. <\/p>\n<p style=\"text-align: justify;\">Hem creat 2 brigades de 15 persones cadascuna, que estan distribu\u00efdes de la manera seg\u00fcent:<\/p>\n<p style=\"text-align: justify;\">1 Capat\u00e0s<br \/>\n5 Especialistes (motoserres)<br \/>\n9 Peons per derrapar els troncs tallats<\/p>\n<p style=\"text-align: justify;\">Ha estat una setmana que hem avan\u00e7at molt b\u00e9 i hem aconseguit podar 10 hect\u00e0rees, amb un total de 50.000 cafets!!!<\/p>\n<p style=\"text-align: justify;\">Amb aquest ritme pensem, que en 2 setmanes podem acabar de podar, per\u00f2 ens quedar\u00e0 derrapar els troncs, ja que \u00e9s molt labori\u00f3s i entretingut, pensem que es dilatar\u00e0 4 setmanes m\u00e9s.<\/p>\n<p style=\"text-align: justify;\">Aquesta poda ens permet tenir producci\u00f3, en 20 mesos, \u00e9s a dir, que la propera collita te\u00f2rica del mes de novembre de 2013, no la tindrem. Per\u00f2 el mes de novembre del seg\u00fcent any, ja tornem a tenir collita i un cafeto amb molta salut i vigorositat. <\/p>\n<p style=\"text-align: justify;\">Quan realitzem aquest tipus de poda de Recepa, obtindrem 5 anys de m\u00e0xima producci\u00f3 i llavors tornarem a fer la mateixa acci\u00f3 i aix\u00ed successivament. D&#8217;aquesta manera aconseguim mantenir una producci\u00f3 estable a cada collita. Estem ansiosos per veure els primers fruits d&#8217;aquesta primera collita!!!  <\/p>\n<\/div>\n<\/div>\n<\/div>\n","protected":false},"excerpt":{"rendered":"<p>Aquest tipus de poda el realitzem amb motoserres, perqu\u00e8 aix\u00ed aconseguim m\u00e9s precisi\u00f3 en el tall del tronc i m\u00e9s rapidesa. Les motoserres treballen dur durant 8 hores al dia i el que fem despr\u00e9s de la jornada de treball \u00e9s fer un manteniment preventiu per evitar avaries. Hem creat 2 brigades de 15 persones [&hellip;]<\/p>\n","protected":false},"author":1,"featured_media":10301,"comment_status":"open","ping_status":"open","sticky":false,"template":"","format":"standard","meta":{"inline_featured_image":false,"footnotes":""},"categories":[316],"tags":[317,325,323,324],"class_list":["post-11242","post","type-post","status-publish","format-standard","has-post-thumbnail","hentry","category-noticies","tag-cafe-ca","tag-collita","tag-consells-cafeters","tag-productor-de-cafe-ca"],"_links":{"self":[{"href":"https:\/\/cafecrem.com\/ca\/wp-json\/wp\/v2\/posts\/11242","targetHints":{"allow":["GET"]}}],"collection":[{"href":"https:\/\/cafecrem.com\/ca\/wp-json\/wp\/v2\/posts"}],"about":[{"href":"https:\/\/cafecrem.com\/ca\/wp-json\/wp\/v2\/types\/post"}],"author":[{"embeddable":true,"href":"https:\/\/cafecrem.com\/ca\/wp-json\/wp\/v2\/users\/1"}],"replies":[{"embeddable":true,"href":"https:\/\/cafecrem.com\/ca\/wp-json\/wp\/v2\/comments?post=11242"}],"version-history":[{"count":0,"href":"https:\/\/cafecrem.com\/ca\/wp-json\/wp\/v2\/posts\/11242\/revisions"}],"wp:featuredmedia":[{"embeddable":true,"href":"https:\/\/cafecrem.com\/ca\/wp-json\/wp\/v2\/media\/10301"}],"wp:attachment":[{"href":"https:\/\/cafecrem.com\/ca\/wp-json\/wp\/v2\/media?parent=11242"}],"wp:term":[{"taxonomy":"category","embeddable":true,"href":"https:\/\/cafecrem.com\/ca\/wp-json\/wp\/v2\/categories?post=11242"},{"taxonomy":"post_tag","embeddable":true,"href":"https:\/\/cafecrem.com\/ca\/wp-json\/wp\/v2\/tags?post=11242"}],"curies":[{"name":"wp","href":"https:\/\/api.w.org\/{rel}","templated":true}]}}