{"id":11463,"date":"2014-04-22T16:01:21","date_gmt":"2014-04-22T16:01:21","guid":{"rendered":"https:\/\/cafecrem.shortcode.es\/2014\/04\/22\/segona-floracio\/"},"modified":"2014-04-22T16:01:21","modified_gmt":"2014-04-22T16:01:21","slug":"segona-floracio","status":"publish","type":"post","link":"http:\/\/cafecrem.com\/ca\/segona-floracio\/","title":{"rendered":"Segona Floraci\u00f3"},"content":{"rendered":"<p style=\"text-align: justify;\">Despr\u00e9s de diverses setmanes sense pluja, han aparegut per fin les primeres precipitacions i amb ellas la segona floraci\u00f3!!!<\/p>\n<p style=\"text-align: justify;\">La verdad que despr\u00e9s d&#8217;un hivern molt dur, amb severs atacs del hongo de la Roya i amb la p\u00e8rdua parcial de fulles en els cafetos, ens il\u00b7lusiona una floraci\u00f3 tan b\u00e9 definida i amb tant vigor.<\/p>\n<p style=\"text-align: justify;\">Observando bien las bandoles, veiem que encara va a haver dos floracions m\u00e9s, i que tal vegada la seg\u00fcent ser\u00e0 la m\u00e9s gran de les floracions.<\/p>\n<p style=\"text-align: justify;\">En aquests moments, nom\u00e9s tenim una preocupaci\u00f3: que la flor es quem o caiga abans del seu moment natural i no es manifesti el bot\u00f3, que posteriorment es transformar\u00e0 en grano.<\/p>\n<p style=\"text-align: justify;\">B\u00e9, dicho esto. Dicen que val m\u00e9s una imatge que mil paraules!! <\/p>\n","protected":false},"excerpt":{"rendered":"<p>Despr\u00e9s de diverses setmanes sense pluja, han aparegut per fin les primeres precipitacions i amb ellas la segona floraci\u00f3!!! La verdad que despr\u00e9s d&#8217;un hivern molt dur, amb severs atacs del hongo de la Roya i amb la p\u00e8rdua parcial de fulles en els cafetos, ens il\u00b7lusiona una floraci\u00f3 tan b\u00e9 definida i amb tant [&hellip;]<\/p>\n","protected":false},"author":1,"featured_media":10285,"comment_status":"open","ping_status":"open","sticky":false,"template":"","format":"standard","meta":{"inline_featured_image":false,"footnotes":""},"categories":[316],"tags":[317,471,472,473],"class_list":["post-11463","post","type-post","status-publish","format-standard","has-post-thumbnail","hentry","category-noticies","tag-cafe-ca","tag-cultius-de-cafeteria","tag-distribuidor-de-cafeteria","tag-segona-floracio"],"_links":{"self":[{"href":"http:\/\/cafecrem.com\/ca\/wp-json\/wp\/v2\/posts\/11463","targetHints":{"allow":["GET"]}}],"collection":[{"href":"http:\/\/cafecrem.com\/ca\/wp-json\/wp\/v2\/posts"}],"about":[{"href":"http:\/\/cafecrem.com\/ca\/wp-json\/wp\/v2\/types\/post"}],"author":[{"embeddable":true,"href":"http:\/\/cafecrem.com\/ca\/wp-json\/wp\/v2\/users\/1"}],"replies":[{"embeddable":true,"href":"http:\/\/cafecrem.com\/ca\/wp-json\/wp\/v2\/comments?post=11463"}],"version-history":[{"count":0,"href":"http:\/\/cafecrem.com\/ca\/wp-json\/wp\/v2\/posts\/11463\/revisions"}],"wp:featuredmedia":[{"embeddable":true,"href":"http:\/\/cafecrem.com\/ca\/wp-json\/wp\/v2\/media\/10285"}],"wp:attachment":[{"href":"http:\/\/cafecrem.com\/ca\/wp-json\/wp\/v2\/media?parent=11463"}],"wp:term":[{"taxonomy":"category","embeddable":true,"href":"http:\/\/cafecrem.com\/ca\/wp-json\/wp\/v2\/categories?post=11463"},{"taxonomy":"post_tag","embeddable":true,"href":"http:\/\/cafecrem.com\/ca\/wp-json\/wp\/v2\/tags?post=11463"}],"curies":[{"name":"wp","href":"https:\/\/api.w.org\/{rel}","templated":true}]}}