{"id":11461,"date":"2014-05-12T15:58:36","date_gmt":"2014-05-12T15:58:36","guid":{"rendered":"https:\/\/cafecrem.shortcode.es\/2014\/05\/12\/las-trampas-para-la-broca\/"},"modified":"2014-05-12T15:58:36","modified_gmt":"2014-05-12T15:58:36","slug":"las-trampas-para-la-broca","status":"publish","type":"post","link":"http:\/\/cafecrem.com\/ca\/las-trampas-para-la-broca\/","title":{"rendered":"Las trampas para la broca"},"content":{"rendered":"<div class=\"post-content\">\n<p style=\"text-align: justify;\">En aquests moments en qu\u00e8 est\u00e0 formant i desenvolupant el gran, \u00e9s el moment de col\u00b7locar les trampas per a la broca.<\/p>\n<p style=\"text-align: justify;\">La broca \u00e9s un insecte que ataca als fruits verdes i madurs del caf\u00e8, ocasionant danys en el grano. Aquest insecte \u00e9s de color negre, t\u00e9 la mida del cap d&#8217;un alfiler i s&#8217;alimenta del fruit (semilla) del caf\u00e8. La broca hembra ataca el fruit per el ombligo, arribant fins a la semilla. All\u00ed posa els seus huevos, de los cuales nacen las larvas que se alimentan del fruto.   <\/p>\n<p style=\"text-align: justify;\">Per aquest motiu, ara \u00e9s el moment de col\u00b7locar les trampas, per combatre.<\/p>\n<p style=\"text-align: justify;\">Per preparar las trampas, utilitzem Lej\u00eda o botellas pl\u00e1sticas de 1,5 litros de Refresco. Obrim tres orificis i incorporam un dosificador amb efecte atrayente (3,4 parts de metanol i \u00bc part de etanol) per a l&#8217;insecte. A\u00f1adimos agua en el fondo de la trampa, para que una vez la broca entre en la trampa, se ahogue.  <\/p>\n<p style=\"text-align: justify;\">Les col\u00b7loquem estrat\u00e8gicament entre els caf\u00e8s i d&#8217;aquesta forma ens assegurem que la broca ser\u00e0 atra\u00efda i s&#8217;acostar\u00e0.<\/p>\n<\/div>\n","protected":false},"excerpt":{"rendered":"<p>En aquests moments en qu\u00e8 est\u00e0 formant i desenvolupant el gran, \u00e9s el moment de col\u00b7locar les trampas per a la broca. La broca \u00e9s un insecte que ataca als fruits verdes i madurs del caf\u00e8, ocasionant danys en el grano. Aquest insecte \u00e9s de color negre, t\u00e9 la mida del cap d&#8217;un alfiler i [&hellip;]<\/p>\n","protected":false},"author":1,"featured_media":10283,"comment_status":"open","ping_status":"open","sticky":false,"template":"","format":"standard","meta":{"inline_featured_image":false,"footnotes":""},"categories":[316],"tags":[469,317,323],"class_list":["post-11461","post","type-post","status-publish","format-standard","has-post-thumbnail","hentry","category-noticies","tag-broca-ca","tag-cafe-ca","tag-consells-cafeters"],"_links":{"self":[{"href":"http:\/\/cafecrem.com\/ca\/wp-json\/wp\/v2\/posts\/11461","targetHints":{"allow":["GET"]}}],"collection":[{"href":"http:\/\/cafecrem.com\/ca\/wp-json\/wp\/v2\/posts"}],"about":[{"href":"http:\/\/cafecrem.com\/ca\/wp-json\/wp\/v2\/types\/post"}],"author":[{"embeddable":true,"href":"http:\/\/cafecrem.com\/ca\/wp-json\/wp\/v2\/users\/1"}],"replies":[{"embeddable":true,"href":"http:\/\/cafecrem.com\/ca\/wp-json\/wp\/v2\/comments?post=11461"}],"version-history":[{"count":0,"href":"http:\/\/cafecrem.com\/ca\/wp-json\/wp\/v2\/posts\/11461\/revisions"}],"wp:featuredmedia":[{"embeddable":true,"href":"http:\/\/cafecrem.com\/ca\/wp-json\/wp\/v2\/media\/10283"}],"wp:attachment":[{"href":"http:\/\/cafecrem.com\/ca\/wp-json\/wp\/v2\/media?parent=11461"}],"wp:term":[{"taxonomy":"category","embeddable":true,"href":"http:\/\/cafecrem.com\/ca\/wp-json\/wp\/v2\/categories?post=11461"},{"taxonomy":"post_tag","embeddable":true,"href":"http:\/\/cafecrem.com\/ca\/wp-json\/wp\/v2\/tags?post=11461"}],"curies":[{"name":"wp","href":"https:\/\/api.w.org\/{rel}","templated":true}]}}