{"id":11459,"date":"2014-06-26T15:47:40","date_gmt":"2014-06-26T15:47:40","guid":{"rendered":"https:\/\/cafecrem.shortcode.es\/2014\/06\/26\/la-floracio-de-maig-i-juny\/"},"modified":"2014-06-26T15:47:40","modified_gmt":"2014-06-26T15:47:40","slug":"la-floracio-de-maig-i-juny","status":"publish","type":"post","link":"http:\/\/cafecrem.com\/ca\/la-floracio-de-maig-i-juny\/","title":{"rendered":"La floraci\u00f3 de maig i juny"},"content":{"rendered":"<p style=\"text-align: justify;\">Despr\u00e9s de las continuadas lluvias de la primavera, apareix la \u00faltima floraci\u00f3.<\/p>\n<p style=\"text-align: justify;\">Tal vez no ha estat el gran que esper\u00e0bam, per\u00f2 en qualsevol cas, ha estat b\u00e9!!! I ara a esperar que el grano es desarrolli amb bona salut durant els propers mesos.<\/p>\n<p style=\"text-align: justify;\">Hi ha un tema que ens preocupa: la falta de fulla, provocada per La Roya. Resulta que quan la flor se cae, t\u00e9 que apareixer un petit botoncit, que no \u00e9s m\u00e9s ni menys que l&#8217;inici del gran. Pues bien, en alguns casos ocorren que la flor se cae i no apareix a l&#8217;inici del grano. Vamos a quantificar la petita p\u00e8rdua que aix\u00f2 ens va a ocasionar, per\u00f2 aix\u00f2 no canvia la projecci\u00f3 de la bona cosecha que esperem tenir!!   <\/p>\n<p style=\"text-align: justify;\">Normalment el grano t\u00e9 un per\u00edode de creixement i maduraci\u00f3 entre els 7 i els 8 mesos aproximadament. Aquest proc\u00e9s va a dependre de les condicions clim\u00e0tiques i de que no pateix cap malaltia o un atac inesperat d&#8217;algun hongo que li afecte al creixement. <\/p>\n<p><a href=\"http:\/\/www.vcasvill.com\/cafe\/wp-content\/uploads\/2014\/06\/Floraci%C3%B3n-mayo-y-junio-01.jpg\"><img loading=\"lazy\" decoding=\"async\" class=\" size-medium wp-image-2961 aligncenter\" src=\"http:\/\/www.vcasvill.com\/cafe\/wp-content\/uploads\/2014\/06\/Floraci%C3%B3n-mayo-y-junio-01-300x200.jpg\" alt=\"Floraci\u00f3n-mayo-y-junio-01\" width=\"300\" height=\"200\"><\/a><\/p>\n","protected":false},"excerpt":{"rendered":"<p>Despr\u00e9s de las continuadas lluvias de la primavera, apareix la \u00faltima floraci\u00f3. Tal vez no ha estat el gran que esper\u00e0bam, per\u00f2 en qualsevol cas, ha estat b\u00e9!!! I ara a esperar que el grano es desarrolli amb bona salut durant els propers mesos. Hi ha un tema que ens preocupa: la falta de fulla, [&hellip;]<\/p>\n","protected":false},"author":1,"featured_media":10281,"comment_status":"open","ping_status":"open","sticky":false,"template":"","format":"standard","meta":{"inline_featured_image":false,"footnotes":""},"categories":[316],"tags":[317,331,467],"class_list":["post-11459","post","type-post","status-publish","format-standard","has-post-thumbnail","hentry","category-noticies","tag-cafe-ca","tag-cafecrem-ca","tag-floracio"],"_links":{"self":[{"href":"http:\/\/cafecrem.com\/ca\/wp-json\/wp\/v2\/posts\/11459","targetHints":{"allow":["GET"]}}],"collection":[{"href":"http:\/\/cafecrem.com\/ca\/wp-json\/wp\/v2\/posts"}],"about":[{"href":"http:\/\/cafecrem.com\/ca\/wp-json\/wp\/v2\/types\/post"}],"author":[{"embeddable":true,"href":"http:\/\/cafecrem.com\/ca\/wp-json\/wp\/v2\/users\/1"}],"replies":[{"embeddable":true,"href":"http:\/\/cafecrem.com\/ca\/wp-json\/wp\/v2\/comments?post=11459"}],"version-history":[{"count":0,"href":"http:\/\/cafecrem.com\/ca\/wp-json\/wp\/v2\/posts\/11459\/revisions"}],"wp:featuredmedia":[{"embeddable":true,"href":"http:\/\/cafecrem.com\/ca\/wp-json\/wp\/v2\/media\/10281"}],"wp:attachment":[{"href":"http:\/\/cafecrem.com\/ca\/wp-json\/wp\/v2\/media?parent=11459"}],"wp:term":[{"taxonomy":"category","embeddable":true,"href":"http:\/\/cafecrem.com\/ca\/wp-json\/wp\/v2\/categories?post=11459"},{"taxonomy":"post_tag","embeddable":true,"href":"http:\/\/cafecrem.com\/ca\/wp-json\/wp\/v2\/tags?post=11459"}],"curies":[{"name":"wp","href":"https:\/\/api.w.org\/{rel}","templated":true}]}}