{"id":11371,"date":"2019-11-14T10:05:49","date_gmt":"2019-11-14T10:05:49","guid":{"rendered":"https:\/\/cafecrem.shortcode.es\/2019\/11\/14\/plantacio-del-primer-lot-a-la-finca-bien-bien\/"},"modified":"2025-02-28T17:03:29","modified_gmt":"2025-02-28T17:03:29","slug":"plantacio-del-primer-lot-a-la-finca-bien-bien","status":"publish","type":"post","link":"http:\/\/cafecrem.com\/ca\/plantacio-del-primer-lot-a-la-finca-bien-bien\/","title":{"rendered":"Plantaci\u00f3 del primer lot a la Finca Bien Bien"},"content":{"rendered":"<div class=\"wpb-content-wrapper\">[vc_row][vc_column][vc_column_text]Hoy \u00e9s un dia molt especial, despr\u00e9s de llargs treballs d&#8217;acondicionament de l&#8217;acc\u00e9s a la Finca Bien Bien (situada a 1350m d&#8217;altitud), ja podem plantar el primer lot de la varietat Geisha. El equipo de Caf\u00e9 Crem desplazado a la Rep\u00fablica Dominicana se lleva un gran recuerdo del d\u00eda cero\ud83c\udf31 \u00a1Buen trabajo![\/vc_column_text][vc_images_carousel images=&#8221;8437,8435,8441,8436,8439,8434,8438,8440,8442&#8243; img_size=&#8221;full&#8221; autoplay=&#8221;yes&#8221; hide_pagination_control=&#8221;yes&#8221; partial_view=&#8221;yes&#8221; wrap=&#8221;yes&#8221; css_animation=&#8221;fadeIn&#8221; css=&#8221;.vc_custom_1593166570058{margin-top: 20px !important;}&#8221;][\/vc_column][\/vc_row]\n<\/div>","protected":false},"excerpt":{"rendered":"<p>[vc_row][vc_column][vc_column_text]Hoy \u00e9s un dia molt especial, despr\u00e9s de llargs treballs d&#8217;acondicionament de l&#8217;acc\u00e9s a la Finca Bien Bien (situada a 1350m d&#8217;altitud), ja podem plantar el primer lot de la varietat Geisha. El equipo de Caf\u00e9 Crem desplazado a la Rep\u00fablica Dominicana se lleva un gran recuerdo del d\u00eda cero\ud83c\udf31 \u00a1Buen trabajo![\/vc_column_text][vc_images_carousel images=&#8221;8437,8435,8441,8436,8439,8434,8438,8440,8442&#8243; img_size=&#8221;full&#8221; autoplay=&#8221;yes&#8221; [&hellip;]<\/p>\n","protected":false},"author":2,"featured_media":10377,"comment_status":"open","ping_status":"open","sticky":false,"template":"","format":"standard","meta":{"inline_featured_image":false,"footnotes":""},"categories":[341,316],"tags":[52,356,15,355,38],"class_list":["post-11371","post","type-post","status-publish","format-standard","has-post-thumbnail","hentry","category-home-ca","category-noticies","tag-barahona","tag-be-be","tag-cafe","tag-cafe-despecialitat","tag-mieludo"],"_links":{"self":[{"href":"http:\/\/cafecrem.com\/ca\/wp-json\/wp\/v2\/posts\/11371","targetHints":{"allow":["GET"]}}],"collection":[{"href":"http:\/\/cafecrem.com\/ca\/wp-json\/wp\/v2\/posts"}],"about":[{"href":"http:\/\/cafecrem.com\/ca\/wp-json\/wp\/v2\/types\/post"}],"author":[{"embeddable":true,"href":"http:\/\/cafecrem.com\/ca\/wp-json\/wp\/v2\/users\/2"}],"replies":[{"embeddable":true,"href":"http:\/\/cafecrem.com\/ca\/wp-json\/wp\/v2\/comments?post=11371"}],"version-history":[{"count":1,"href":"http:\/\/cafecrem.com\/ca\/wp-json\/wp\/v2\/posts\/11371\/revisions"}],"predecessor-version":[{"id":11372,"href":"http:\/\/cafecrem.com\/ca\/wp-json\/wp\/v2\/posts\/11371\/revisions\/11372"}],"wp:featuredmedia":[{"embeddable":true,"href":"http:\/\/cafecrem.com\/ca\/wp-json\/wp\/v2\/media\/10377"}],"wp:attachment":[{"href":"http:\/\/cafecrem.com\/ca\/wp-json\/wp\/v2\/media?parent=11371"}],"wp:term":[{"taxonomy":"category","embeddable":true,"href":"http:\/\/cafecrem.com\/ca\/wp-json\/wp\/v2\/categories?post=11371"},{"taxonomy":"post_tag","embeddable":true,"href":"http:\/\/cafecrem.com\/ca\/wp-json\/wp\/v2\/tags?post=11371"}],"curies":[{"name":"wp","href":"https:\/\/api.w.org\/{rel}","templated":true}]}}