{"id":11246,"date":"2014-01-22T16:37:07","date_gmt":"2014-01-22T16:37:07","guid":{"rendered":"https:\/\/cafecrem.shortcode.es\/2014\/01\/22\/perspectives-propera-collita\/"},"modified":"2014-01-22T16:37:07","modified_gmt":"2014-01-22T16:37:07","slug":"perspectives-propera-collita","status":"publish","type":"post","link":"http:\/\/cafecrem.com\/ca\/perspectives-propera-collita\/","title":{"rendered":"Perspectives propera collita"},"content":{"rendered":"<p style=\"text-align: justify;\">Ja estem gaireb\u00e9 finalitzant la collita actual, que ha estat for\u00e7a redu\u00efda perqu\u00e8 estem amb la major part de la finca en fase de creixement.<br \/>\nEn la visita als lots en creixement, hem observat que la producci\u00f3 per a la propera collita ser\u00e0 for\u00e7a bona, malgrat la devastadora plaga de Roya que hem tingut.<br \/>\nEl principal problema que tenim amb la Roya \u00e9s la caiguda de la fulla i sense la fulla no tenim el conductor dels nutrients al fruit. La por que ten\u00edem \u00e9s que en haver caigut la fulla no tingu\u00e9ssim flor i per tant, ens quedar\u00edem ell. Per\u00f2 com que la planta tenia bona salut, estem veient que els rovells estan sortint i en una bona quantitat, que ens fa ser optimistes de cara a la propera collita, malgrat totes les dificultats que hem tingut per la p\u00e8rdua de la fulla.  <\/p>\n","protected":false},"excerpt":{"rendered":"<p>Ja estem gaireb\u00e9 finalitzant la collita actual, que ha estat for\u00e7a redu\u00efda perqu\u00e8 estem amb la major part de la finca en fase de creixement. En la visita als lots en creixement, hem observat que la producci\u00f3 per a la propera collita ser\u00e0 for\u00e7a bona, malgrat la devastadora plaga de Roya que hem tingut. El [&hellip;]<\/p>\n","protected":false},"author":1,"featured_media":10297,"comment_status":"open","ping_status":"open","sticky":false,"template":"","format":"standard","meta":{"inline_featured_image":false,"footnotes":""},"categories":[316],"tags":[325,326],"class_list":["post-11246","post","type-post","status-publish","format-standard","has-post-thumbnail","hentry","category-noticies","tag-collita","tag-recolleccio-de-cafe"],"_links":{"self":[{"href":"http:\/\/cafecrem.com\/ca\/wp-json\/wp\/v2\/posts\/11246","targetHints":{"allow":["GET"]}}],"collection":[{"href":"http:\/\/cafecrem.com\/ca\/wp-json\/wp\/v2\/posts"}],"about":[{"href":"http:\/\/cafecrem.com\/ca\/wp-json\/wp\/v2\/types\/post"}],"author":[{"embeddable":true,"href":"http:\/\/cafecrem.com\/ca\/wp-json\/wp\/v2\/users\/1"}],"replies":[{"embeddable":true,"href":"http:\/\/cafecrem.com\/ca\/wp-json\/wp\/v2\/comments?post=11246"}],"version-history":[{"count":0,"href":"http:\/\/cafecrem.com\/ca\/wp-json\/wp\/v2\/posts\/11246\/revisions"}],"wp:featuredmedia":[{"embeddable":true,"href":"http:\/\/cafecrem.com\/ca\/wp-json\/wp\/v2\/media\/10297"}],"wp:attachment":[{"href":"http:\/\/cafecrem.com\/ca\/wp-json\/wp\/v2\/media?parent=11246"}],"wp:term":[{"taxonomy":"category","embeddable":true,"href":"http:\/\/cafecrem.com\/ca\/wp-json\/wp\/v2\/categories?post=11246"},{"taxonomy":"post_tag","embeddable":true,"href":"http:\/\/cafecrem.com\/ca\/wp-json\/wp\/v2\/tags?post=11246"}],"curies":[{"name":"wp","href":"https:\/\/api.w.org\/{rel}","templated":true}]}}